{"id":2178,"date":"2017-09-12T11:28:10","date_gmt":"2017-09-12T09:28:10","guid":{"rendered":"http:\/\/zapfenstreiche.de\/?p=2178"},"modified":"2017-09-12T11:28:10","modified_gmt":"2017-09-12T09:28:10","slug":"lehre-12","status":"publish","type":"post","link":"https:\/\/zapfenstreiche.de\/index.php\/2017\/09\/12\/lehre-12\/","title":{"rendered":"LEHRE"},"content":{"rendered":"<p>Auch 2018 werde ich wieder Dozent im Rahmen des Sommercamps von <a href=\"https:\/\/www.artistravel.eu\/dozenten\/michael-szyszka.html\" target=\"_blank\">artistravel<\/a> sein. Ich freue mich \u00fcber alle Teilnehmer\/innen in dem zweit\u00e4gigen Einf\u00fchrungskurs, sowie dem f\u00fcnft\u00e4gigen Intensivkurs &#8222;Illustration \u2013 Line trifft Farbe&#8220;.<br \/>\n<a href=\"https:\/\/www.artistravel.eu\/malreise\/kurstermine\/reise\/2018\/einfuehrung-linie-trifft-farbe-illustration-3606.html\" target=\"_blank\">Kursinfos: Einf\u00fchrung<\/a><br \/>\n<a href=\"https:\/\/www.artistravel.eu\/malreise\/kurstermine\/reise\/2018\/linie-trifft-farbe-illustration-3607.html\" target=\"_blank\">Kursinfos: Intensivkurs<\/a><\/p>\n","protected":false},"excerpt":{"rendered":"<p>Auch 2018 werde ich wieder Dozent im Rahmen des Sommercamps von artistravel sein. Ich freue mich \u00fcber alle Teilnehmer\/innen in dem zweit\u00e4gigen Einf\u00fchrungskurs, sowie dem f\u00fcnft\u00e4gigen Intensivkurs &#8222;Illustration \u2013 Line trifft Farbe&#8220;. Kursinfos: Einf\u00fchrung Kursinfos: Intensivkurs<\/p>\n","protected":false},"author":1,"featured_media":1592,"comment_status":"closed","ping_status":"closed","sticky":false,"template":"","format":"standard","meta":{"_seopress_robots_primary_cat":"","_seopress_titles_title":"","_seopress_titles_desc":"","_seopress_robots_index":"","footnotes":""},"categories":[12],"tags":[],"class_list":["post-2178","post","type-post","status-publish","format-standard","has-post-thumbnail","hentry","category-news"],"acf":[],"_links":{"self":[{"href":"https:\/\/zapfenstreiche.de\/index.php\/wp-json\/wp\/v2\/posts\/2178"}],"collection":[{"href":"https:\/\/zapfenstreiche.de\/index.php\/wp-json\/wp\/v2\/posts"}],"about":[{"href":"https:\/\/zapfenstreiche.de\/index.php\/wp-json\/wp\/v2\/types\/post"}],"author":[{"embeddable":true,"href":"https:\/\/zapfenstreiche.de\/index.php\/wp-json\/wp\/v2\/users\/1"}],"replies":[{"embeddable":true,"href":"https:\/\/zapfenstreiche.de\/index.php\/wp-json\/wp\/v2\/comments?post=2178"}],"version-history":[{"count":1,"href":"https:\/\/zapfenstreiche.de\/index.php\/wp-json\/wp\/v2\/posts\/2178\/revisions"}],"predecessor-version":[{"id":2179,"href":"https:\/\/zapfenstreiche.de\/index.php\/wp-json\/wp\/v2\/posts\/2178\/revisions\/2179"}],"wp:featuredmedia":[{"embeddable":true,"href":"https:\/\/zapfenstreiche.de\/index.php\/wp-json\/wp\/v2\/media\/1592"}],"wp:attachment":[{"href":"https:\/\/zapfenstreiche.de\/index.php\/wp-json\/wp\/v2\/media?parent=2178"}],"wp:term":[{"taxonomy":"category","embeddable":true,"href":"https:\/\/zapfenstreiche.de\/index.php\/wp-json\/wp\/v2\/categories?post=2178"},{"taxonomy":"post_tag","embeddable":true,"href":"https:\/\/zapfenstreiche.de\/index.php\/wp-json\/wp\/v2\/tags?post=2178"}],"curies":[{"name":"wp","href":"https:\/\/api.w.org\/{rel}","templated":true}]}}